{"id":5776,"date":"2022-08-21T08:19:17","date_gmt":"2022-08-21T07:19:17","guid":{"rendered":"https:\/\/www.ijp.at\/wp\/?p=5776"},"modified":"2022-10-08T21:30:27","modified_gmt":"2022-10-08T20:30:27","slug":"buero-mit-designerausstattung-in-naschmarkt-naehe","status":"publish","type":"post","link":"https:\/\/www.ijp.at\/wp\/buero-mit-designerausstattung-in-naschmarkt-naehe\/","title":{"rendered":"erfolgreich vermittelt &#8211; B\u00fcro mit Designerausstattung in Naschmarkt-N\u00e4he"},"content":{"rendered":"<div class=\"box-heading\">\n<div class=\"Box-sc-wfmb7k-0 cgsRry\">\n<div class=\"Box-sc-wfmb7k-0 Description___StyledBox2-sc-brstfz-1 dIwWa-D\" data-testid=\"ad-description-Objektbeschreibung\">\n<h3>B\u00fcro mit Designerausstattung in Naschmarkt-N\u00e4he<\/h3>\n<p>3-D-Rundgang verf\u00fcgbar<br \/>\n<strong><br \/>\nRepr\u00e4sentativ m\u00f6bliertes B\u00fcro mit toller Designerausstattung in Naschmarkt-N\u00e4he<\/strong><\/p>\n<p>Zur Vermietung gelangt dieses hochwertig ausgestattete, moderne Loft-B\u00fcro im Ausma\u00df von <strong>67,20 m\u00b2 zzgl. kleinem Patio und Nutzung der schattigen, teilweise \u00fcberdachten Innenhofterrasse<\/strong> in sehr guter Lage des 6. Bezirks, in der Gumpendorfer Stra\u00dfe, nur ein paar Schritte vom Naschmarkt und 10 Gehminuten vom Opernring entfernt.<\/p>\n<p>Das B\u00fcro ist im Erdgescho\u00df, hofseitig, daher sehr ruhig gelegen und teilt sich wie folgt auf:<\/p>\n<ul>\n<li>Mehr als 60 m\u00b2 Loft mit 3 gro\u00dfen Schreibtischen und einem Besprechungs- und Teek\u00fcchenbereich<\/li>\n<li>mit offenen, raumhohen Glasw\u00e4nden unterteilt<\/li>\n<li>Toilette im Eingangsbereich<\/li>\n<li>Bad mit Toilette, Dusche und Waschbecken<\/li>\n<li>Patio<\/li>\n<li>Terrasse im Innenhof<\/li>\n<\/ul>\nngg_shortcode_0_placeholder\n<h2>Objektinformationen:<\/h2>\n<ul>\n<li>Objekttyp: B\u00fcro\/Ordination<\/li>\n<li>Bautyp: Altbau<\/li>\n<li>Zustand: Renoviert<\/li>\n<li>Stockwerk: Erdgeschoss<\/li>\n<li>Nutzfl\u00e4che: 67 m\u00b2<\/li>\n<li>Heizung: Hauszentralheizung<\/li>\n<li>Verf\u00fcgbar: ab sofort<\/li>\n<li>Befristung: 5 Jahre<\/li>\n<\/ul>\n<h2>Ausstattung:<\/h2>\n<p>Das B\u00fcro wird mit kompletter Ausstattung vermietet:<\/p>\n<ul>\n<li>Hohe Schr\u00e4nke entlang der gesamten L\u00e4ngswand sorgen f\u00fcr besonders viel Stauraum<\/li>\n<li>3 Schreibtische und Drehst\u00fchle<\/li>\n<li>Besprechungstisch mit 6 Sessel<\/li>\n<li>Flachbildschirm f\u00fcr Pr\u00e4sentationen in die Schrankwand integriert<\/li>\n<li>Teek\u00fcche mit Ger\u00e4ten<\/li>\n<li>Exklusives Beleuchtungskonzept<\/li>\n<li>Bad mit Dusche separat<\/li>\n<\/ul>\n<\/div>\n<\/div>\n<\/div>\n<h2>Mietkosten (Warmmiete)<\/h2>\n<p>monatlicher <strong>Bruttogesamtmietzins, inkl. Heizung<\/strong> (derzeit): <strong>EUR 1.618,57<\/strong><br \/>\n&#8211; monatlicher Nettogesamtmietzins, inkl. Heizung (derzeit): EUR 1.348,81<br \/>\n&#8211; monatlicher Hauptmietzins netto (abz\u00fcglich Befristungsabschlag): <strong>EUR 950,00<\/strong><br \/>\n&#8211; Mietzins Einrichtungsgegenst\u00e4nde netto <strong>EUR 250,00<\/strong><br \/>\n&#8211; monatliche <strong>Nebenkosten<\/strong>: <strong>EUR 148,81<\/strong><br \/>\n&#8211; Betriebskosten und \u00f6ffentlichen Abgaben netto (derzeit): EUR 99,67<br \/>\n&#8211; Heizkosten netto (derzeit): EUR 42,81<br \/>\n&#8211; Hausnebenkosten netto (derzeit): EUR 6,33<br \/>\n<strong>Einmalige Nebenkosten:<\/strong><br \/>\n&#8211; Vertragsgeb\u00fchr (Finanzamt) EUR 971,14<br \/>\n&#8211; Kaution EUR 4.855,71<br \/>\n&#8211; Vermittlungsprovision EUR 4.855,71 (EUR 4.046,43, zuz\u00fcgl. 20% MWSt. EUR 809,28)<\/p>\n<div class=\"Box-sc-wfmb7k-0 cgsRry\">\n<h2 class=\"Text-sc-10o2fdq-0 ljDOxC\">Lage<\/h2>\n<div class=\"Box-sc-wfmb7k-0 Description___StyledBox2-sc-brstfz-1 dIwWa-D\" data-testid=\"ad-description-Lage\"><iframe loading=\"lazy\" style=\"border: 0;\" src=\"https:\/\/www.google.com\/maps\/embed?pb=!1m14!1m8!1m3!1d2659.4356649554934!2d16.3547738!3d48.1982238!3m2!1i1024!2i768!4f13.1!3m3!1m2!1s0x476d078f59f6077f%3A0x3d1c622d345edf42!2sGumpendorfer%20Str.%2043%2C%201060%20Wien!5e0!3m2!1sde!2sat!4v1661017572602!5m2!1sde!2sat\" allowfullscreen=\"allowfullscreen\" width=\"600\" height=\"450\"><\/iframe><\/div>\n<div class=\"Box-sc-wfmb7k-0 Description___StyledBox2-sc-brstfz-1 dIwWa-D\" data-testid=\"ad-description-Lage\">\n<p><strong>Hervorragende Lage<\/strong> und Infrastruktur nahe <a href=\"https:\/\/de.wikipedia.org\/wiki\/Wiener_Naschmarkt\" target=\"_blank\" rel=\"noopener\">Naschmarkt<\/a>, <a href=\"https:\/\/mariahilferstrasse.at\/\" target=\"_blank\" rel=\"noopener\">Mariahilfer Stra\u00dfe<\/a> und Innenstadt. Nur 5 Gehminuten zur <a href=\"https:\/\/www.wienerlinien.at\" target=\"_blank\" rel=\"noopener\">U3-Station Neubaugasse<\/a><\/div>\n<\/div>\n<h2>Haben wir Ihr Interesse geweckt?<\/h2>\n<p>Besichtigen Sie dieses ger\u00e4umige B\u00fcro bequem von Zuhause aus. Fordern Sie Ihre pers\u00f6nliche Einladung zur <a href=\"https:\/\/www.ijp.at\/wp\/3d-besichtigungen\/\">virtuellen 3D &#8211; Besichtigung<\/a> an!<\/p>\n<div class=\"box-heading\">\n<figure id=\"attachment_4567\" aria-describedby=\"caption-attachment-4567\" style=\"width: 150px\" class=\"wp-caption alignright\"><img loading=\"lazy\" decoding=\"async\" class=\"wp-image-4567 size-full\" src=\"https:\/\/www.ijp.at\/wp\/iwushyts\/dollhouse-150x150.png\" alt=\"Symbolfoto\" width=\"150\" height=\"150\"><figcaption id=\"caption-attachment-4567\" class=\"wp-caption-text\"><br \/>Symbolfoto<\/figcaption><\/figure>\n<div class=\"box-block \">\n<div class=\"box-heading\">\n<div class=\"description\">\n<p class=\"TabellenInhalt\">Kontakt: Mag. Ilse Ratzinger, Tel. 0676 \/ 62 97 459<\/p>\n<\/div>\n<h5 class=\"TabellenInhalt\"><strong>Schreiben Sie uns eine Nachricht! <\/strong><\/h5>\n<div class=\"Box-wfmb7k-0 bkweXq\">\n<div class=\"box-block \">\n<div class=\"box-heading\">\n<div class=\"box-block \">\n<div class=\"box-heading\">\n<p class=\"TabellenInhalt\">(Bitte beachten Sie, dass wir nur Anfragen mit korrekt<br \/>\nausgef\u00fcllten Namensfeldern beantworten.)<\/p>\n<p class=\"TabellenInhalt\"><strong>[contact-form-7 id=&#8221;7&#8243;<br \/>\ntitle=&#8221;Kontaktformular&#8221;]<\/strong><\/p>\n<\/div>\n<\/div>\n<\/div>\n<\/div>\n<\/div>\n<\/div>\n<\/div>\n<h3>Sonstiges<\/h3>\n<p>Aufgrund einer EU-Richtlinie k\u00f6nnen wir Ihnen erst dann Unterlagen zu unseren Objekten zusenden, wenn Sie uns<br \/>\nbest\u00e4tigen, dass Sie \u00fcber Ihr R\u00fccktrittsrecht aufgekl\u00e4rt wurden und unser sofortiges T\u00e4tigwerden w\u00fcnschen.<\/p>\n<p>Sie bekommen nach Ihrer Anfrage ein Info E-Mail mit einem Link, in dem Sie diese Punkte online best\u00e4tigen m\u00fcssen.<br \/>\nWir bitten um ihr Verst\u00e4ndnis!<\/p>\n<p>Irrt\u00fcmer und Zwischenverkauf vorbehalten.<\/p>\n<\/div>\n","protected":false},"excerpt":{"rendered":"<p>B\u00fcro mit Designerausstattung in Naschmarkt-N\u00e4he 3-D-Rundgang verf\u00fcgbar Repr\u00e4sentativ m\u00f6bliertes B\u00fcro mit toller Designerausstattung in Naschmarkt-N\u00e4he Zur Vermietung gelangt dieses hochwertig ausgestattete, moderne Loft-B\u00fcro im&#8230;<\/p>\n","protected":false},"author":2,"featured_media":5777,"comment_status":"closed","ping_status":"closed","sticky":false,"template":"","format":"standard","meta":{"ngg_post_thumbnail":0,"two_page_speed":[],"footnotes":""},"categories":[65],"tags":[58,145,146,143,148,147,39,40,149,144,8],"class_list":["post-5776","post","type-post","status-publish","format-standard","has-post-thumbnail","hentry","category-erfolgreich-vermittelt","tag-buero","tag-coole-location","tag-graeumig","tag-gumpendorfer-strasse","tag-innenhof","tag-loft","tag-mariahilf","tag-naschmarkt","tag-stylisch","tag-u3-neubaugasse","tag-wien","post-item","post-even"],"_links":{"self":[{"href":"https:\/\/www.ijp.at\/wp\/wp-json\/wp\/v2\/posts\/5776","targetHints":{"allow":["GET"]}}],"collection":[{"href":"https:\/\/www.ijp.at\/wp\/wp-json\/wp\/v2\/posts"}],"about":[{"href":"https:\/\/www.ijp.at\/wp\/wp-json\/wp\/v2\/types\/post"}],"author":[{"embeddable":true,"href":"https:\/\/www.ijp.at\/wp\/wp-json\/wp\/v2\/users\/2"}],"replies":[{"embeddable":true,"href":"https:\/\/www.ijp.at\/wp\/wp-json\/wp\/v2\/comments?post=5776"}],"version-history":[{"count":22,"href":"https:\/\/www.ijp.at\/wp\/wp-json\/wp\/v2\/posts\/5776\/revisions"}],"predecessor-version":[{"id":5955,"href":"https:\/\/www.ijp.at\/wp\/wp-json\/wp\/v2\/posts\/5776\/revisions\/5955"}],"wp:featuredmedia":[{"embeddable":true,"href":"https:\/\/www.ijp.at\/wp\/wp-json\/wp\/v2\/media\/5777"}],"wp:attachment":[{"href":"https:\/\/www.ijp.at\/wp\/wp-json\/wp\/v2\/media?parent=5776"}],"wp:term":[{"taxonomy":"category","embeddable":true,"href":"https:\/\/www.ijp.at\/wp\/wp-json\/wp\/v2\/categories?post=5776"},{"taxonomy":"post_tag","embeddable":true,"href":"https:\/\/www.ijp.at\/wp\/wp-json\/wp\/v2\/tags?post=5776"}],"curies":[{"name":"wp","href":"https:\/\/api.w.org\/{rel}","templated":true}]}}